{"id":1025,"date":"2024-08-15T15:37:55","date_gmt":"2024-08-15T13:37:55","guid":{"rendered":"http:\/\/www.juntadeflores.gub.uy\/?p=1025"},"modified":"2024-08-15T15:48:13","modified_gmt":"2024-08-15T13:48:13","slug":"1025","status":"publish","type":"post","link":"http:\/\/www.juntadeflores.gub.uy\/index.php\/2024\/08\/15\/1025\/","title":{"rendered":"Ser Edil por un d\u00eda"},"content":{"rendered":"\n[et_pb_section fb_built=\u00bb1&#8243; _builder_version=\u00bb4.21.0&#8243; _module_preset=\u00bbdefault\u00bb global_colors_info=\u00bb{}\u00bb][et_pb_row _builder_version=\u00bb4.21.0&#8243; _module_preset=\u00bbdefault\u00bb global_colors_info=\u00bb{}\u00bb][et_pb_column type=\u00bb4_4&#8243; _builder_version=\u00bb4.21.0&#8243; _module_preset=\u00bbdefault\u00bb global_colors_info=\u00bb{}\u00bb][et_pb_video src=\u00bbhttps:\/\/youtu.be\/8L15_VysLpo?si=jaOX17hfN2ZlO5x9&#8243; src_webm=\u00bbhttps:\/\/youtu.be\/8L15_VysLpo?si=jaOX17hfN2ZlO5x9&#8243; _builder_version=\u00bb4.21.0&#8243; _module_preset=\u00bbdefault\u00bb global_colors_info=\u00bb{}\u00bb][\/et_pb_video][\/et_pb_column][\/et_pb_row][\/et_pb_section][et_pb_section fb_built=\u00bb1&#8243; _builder_version=\u00bb4.21.0&#8243; _module_preset=\u00bbdefault\u00bb global_colors_info=\u00bb{}\u00bb locked=\u00bboff\u00bb][et_pb_row _builder_version=\u00bb4.21.0&#8243; _module_preset=\u00bbdefault\u00bb global_colors_info=\u00bb{}\u00bb][et_pb_column type=\u00bb4_4&#8243; _builder_version=\u00bb4.21.0&#8243; _module_preset=\u00bbdefault\u00bb global_colors_info=\u00bb{}\u00bb][et_pb_text _builder_version=\u00bb4.21.0&#8243; _module_preset=\u00bbdefault\u00bb global_colors_info=\u00bb{}\u00bb]<p>En el marco del d\u00eda mundial de la juventud, el pasado 12 de agosto recibimos a j\u00f3venes de varias instituciones educativas de nuestro departamento, donde realizaron diversos planteos que ser\u00e1n derivamos a las comisiones. Los j\u00f3venes coparon las bancas!<\/p>[\/et_pb_text][\/et_pb_column][\/et_pb_row][\/et_pb_section]\n","protected":false},"excerpt":{"rendered":"<p>En el marco del d\u00eda mundial de la juventud, el pasado 12 de agosto recibimos a j\u00f3venes de varias instituciones educativas de nuestro departamento, donde realizaron diversos planteos que ser\u00e1n derivamos a las comisiones. Los j\u00f3venes coparon las bancas!<\/p>\n","protected":false},"author":4,"featured_media":1035,"comment_status":"open","ping_status":"open","sticky":false,"template":"","format":"standard","meta":{"_et_pb_use_builder":"on","_et_pb_old_content":"","_et_gb_content_width":"","footnotes":""},"categories":[9],"tags":[],"class_list":["post-1025","post","type-post","status-publish","format-standard","has-post-thumbnail","hentry","category-principal"],"_links":{"self":[{"href":"http:\/\/www.juntadeflores.gub.uy\/index.php\/wp-json\/wp\/v2\/posts\/1025","targetHints":{"allow":["GET"]}}],"collection":[{"href":"http:\/\/www.juntadeflores.gub.uy\/index.php\/wp-json\/wp\/v2\/posts"}],"about":[{"href":"http:\/\/www.juntadeflores.gub.uy\/index.php\/wp-json\/wp\/v2\/types\/post"}],"author":[{"embeddable":true,"href":"http:\/\/www.juntadeflores.gub.uy\/index.php\/wp-json\/wp\/v2\/users\/4"}],"replies":[{"embeddable":true,"href":"http:\/\/www.juntadeflores.gub.uy\/index.php\/wp-json\/wp\/v2\/comments?post=1025"}],"version-history":[{"count":6,"href":"http:\/\/www.juntadeflores.gub.uy\/index.php\/wp-json\/wp\/v2\/posts\/1025\/revisions"}],"predecessor-version":[{"id":1036,"href":"http:\/\/www.juntadeflores.gub.uy\/index.php\/wp-json\/wp\/v2\/posts\/1025\/revisions\/1036"}],"wp:featuredmedia":[{"embeddable":true,"href":"http:\/\/www.juntadeflores.gub.uy\/index.php\/wp-json\/wp\/v2\/media\/1035"}],"wp:attachment":[{"href":"http:\/\/www.juntadeflores.gub.uy\/index.php\/wp-json\/wp\/v2\/media?parent=1025"}],"wp:term":[{"taxonomy":"category","embeddable":true,"href":"http:\/\/www.juntadeflores.gub.uy\/index.php\/wp-json\/wp\/v2\/categories?post=1025"},{"taxonomy":"post_tag","embeddable":true,"href":"http:\/\/www.juntadeflores.gub.uy\/index.php\/wp-json\/wp\/v2\/tags?post=1025"}],"curies":[{"name":"wp","href":"https:\/\/api.w.org\/{rel}","templated":true}]}}