{"id":572,"date":"2022-03-22T03:29:00","date_gmt":"2022-03-22T02:29:00","guid":{"rendered":"http:\/\/sitio.juntadeflores.gub.uy\/?p=572"},"modified":"2022-03-24T03:48:37","modified_gmt":"2022-03-24T02:48:37","slug":"regularizacion-trabajadores-de-el-abrojo-y-de-empresas-unipersonales-de-la-intendencia-departamental-de-flores","status":"publish","type":"post","link":"http:\/\/www.juntadeflores.gub.uy\/index.php\/2022\/03\/22\/regularizacion-trabajadores-de-el-abrojo-y-de-empresas-unipersonales-de-la-intendencia-departamental-de-flores\/","title":{"rendered":"DECRETO No. 01042.-"},"content":{"rendered":"\n<p><strong>LA JUNTA DEPARTAMENTAL DE FLORES DECRETA:<\/strong><\/p>\n\n\n\n<p><strong><u>Art\u00edculo 1\u00b0 &#8211;<\/u><\/strong><strong> <\/strong>Autor\u00edzase el ingreso como funcionarios de la Intendencia Departamental de Flores, la n\u00f3mina de personas y en las condiciones rese\u00f1adas en el expediente administrativo 220012, en car\u00e1cter de excepci\u00f3n a las normas que lo rigen, Decretos Departamentales 3195, 0335 y 0649. &#8212;&#8212;&#8212;&#8212;&#8212;&#8212;&#8212;&#8212;&#8212;&#8212;&#8212;&#8212;<\/p>\n\n\n\n<p><strong><u>Art\u00edculo 2\u00b0<\/u><\/strong><strong> \u2013<\/strong> Comun\u00edquese, publ\u00edquese, ins\u00e9rtese, etc. &#8212;&#8212;&#8212;&#8212;&#8212;&#8212;&#8212;&#8212;&#8212;&#8212;&#8212;&#8211;<\/p>\n\n\n\n<p><strong>SALA DE SESIONES DE LA JUNTA DEPARTAMENTAL DE FLORES, EN TRINIDAD A LOS CATORCE D\u00cdAS DEL MES DE MARZO DEL A\u00d1O DOS MIL VEINTID\u00d3S. \u2013<\/strong><\/p>\n\n\n\n<p><strong>&nbsp;&nbsp;&nbsp;&nbsp;&nbsp;&nbsp;&nbsp;&nbsp;&nbsp;&nbsp;&nbsp;&nbsp;&nbsp;&nbsp;&nbsp;&nbsp;&nbsp;&nbsp;&nbsp;&nbsp;&nbsp;&nbsp;&nbsp;&nbsp;&nbsp;&nbsp;&nbsp;&nbsp;&nbsp;&nbsp;&nbsp;&nbsp;&nbsp;&nbsp;&nbsp;&nbsp;&nbsp;&nbsp;&nbsp;&nbsp;&nbsp;&nbsp;&nbsp;&nbsp;&nbsp;&nbsp;&nbsp;&nbsp;&nbsp;&nbsp;&nbsp;&nbsp;&nbsp;&nbsp;&nbsp;&nbsp;&nbsp;&nbsp;&nbsp;&nbsp;&nbsp;&nbsp;&nbsp;&nbsp;&nbsp;&nbsp;&nbsp;&nbsp;&nbsp;&nbsp; Edil Sr. FELIPE C\u00c1CERES<\/strong><\/p>\n\n\n\n<p><strong>Sra. LEA DANYS CALERO&nbsp;&nbsp;&nbsp;&nbsp;&nbsp;&nbsp;&nbsp;&nbsp;&nbsp;&nbsp;&nbsp;&nbsp;&nbsp;&nbsp;&nbsp;&nbsp;&nbsp;&nbsp;&nbsp;&nbsp;&nbsp;&nbsp;&nbsp;&nbsp;&nbsp;&nbsp;&nbsp;&nbsp;&nbsp;&nbsp;&nbsp;&nbsp;&nbsp;&nbsp;&nbsp;&nbsp;&nbsp; Presidente<\/strong><\/p>\n\n\n\n<p><strong>&nbsp;&nbsp;&nbsp;&nbsp; Secretaria General<\/strong><\/p>\n","protected":false},"excerpt":{"rendered":"<p>LA JUNTA DEPARTAMENTAL DE FLORES DECRETA: Art\u00edculo 1\u00b0 &#8211; Autor\u00edzase el ingreso como funcionarios de la Intendencia Departamental de Flores, la n\u00f3mina de personas y en las condiciones rese\u00f1adas en el expediente administrativo 220012, en car\u00e1cter de excepci\u00f3n a las normas que lo rigen, Decretos Departamentales 3195, 0335 y 0649. &#8212;&#8212;&#8212;&#8212;&#8212;&#8212;&#8212;&#8212;&#8212;&#8212;&#8212;&#8212; Art\u00edculo 2\u00b0 \u2013 Comun\u00edquese, [&hellip;]<\/p>\n","protected":false},"author":3,"featured_media":556,"comment_status":"open","ping_status":"open","sticky":false,"template":"","format":"standard","meta":{"_et_pb_use_builder":"off","_et_pb_old_content":"","_et_gb_content_width":"","footnotes":""},"categories":[9],"tags":[],"class_list":["post-572","post","type-post","status-publish","format-standard","has-post-thumbnail","hentry","category-principal"],"_links":{"self":[{"href":"http:\/\/www.juntadeflores.gub.uy\/index.php\/wp-json\/wp\/v2\/posts\/572","targetHints":{"allow":["GET"]}}],"collection":[{"href":"http:\/\/www.juntadeflores.gub.uy\/index.php\/wp-json\/wp\/v2\/posts"}],"about":[{"href":"http:\/\/www.juntadeflores.gub.uy\/index.php\/wp-json\/wp\/v2\/types\/post"}],"author":[{"embeddable":true,"href":"http:\/\/www.juntadeflores.gub.uy\/index.php\/wp-json\/wp\/v2\/users\/3"}],"replies":[{"embeddable":true,"href":"http:\/\/www.juntadeflores.gub.uy\/index.php\/wp-json\/wp\/v2\/comments?post=572"}],"version-history":[{"count":2,"href":"http:\/\/www.juntadeflores.gub.uy\/index.php\/wp-json\/wp\/v2\/posts\/572\/revisions"}],"predecessor-version":[{"id":575,"href":"http:\/\/www.juntadeflores.gub.uy\/index.php\/wp-json\/wp\/v2\/posts\/572\/revisions\/575"}],"wp:featuredmedia":[{"embeddable":true,"href":"http:\/\/www.juntadeflores.gub.uy\/index.php\/wp-json\/wp\/v2\/media\/556"}],"wp:attachment":[{"href":"http:\/\/www.juntadeflores.gub.uy\/index.php\/wp-json\/wp\/v2\/media?parent=572"}],"wp:term":[{"taxonomy":"category","embeddable":true,"href":"http:\/\/www.juntadeflores.gub.uy\/index.php\/wp-json\/wp\/v2\/categories?post=572"},{"taxonomy":"post_tag","embeddable":true,"href":"http:\/\/www.juntadeflores.gub.uy\/index.php\/wp-json\/wp\/v2\/tags?post=572"}],"curies":[{"name":"wp","href":"https:\/\/api.w.org\/{rel}","templated":true}]}}